{"id":148912,"date":"2025-10-06T10:46:16","date_gmt":"2025-10-06T10:46:16","guid":{"rendered":"https:\/\/pre.equitat.org\/noticies\/lecxit-busca-nous-espais-i-mes-voluntariat-per-fer-arribar-la-lectura-a-mes-infants\/"},"modified":"2026-03-23T13:47:29","modified_gmt":"2026-03-23T13:47:29","slug":"lecxit-busca-nous-espais-i-mes-voluntariat-per-fer-arribar-la-lectura-a-mes-infants","status":"publish","type":"noticies","link":"https:\/\/pre.equitat.org\/es\/noticies\/lecxit-busca-nous-espais-i-mes-voluntariat-per-fer-arribar-la-lectura-a-mes-infants","title":{"rendered":"Lecxit busca nous espais i m\u00e9s voluntariat per fer arribar la lectura a m\u00e9s infants"},"content":{"rendered":"\n<ul class=\"wp-block-list\">\n<li>El&nbsp;<a href=\"https:\/\/lecxit.cat\/\" target=\"_blank\" rel=\"noreferrer noopener\"><strong>programa Lecxit<\/strong><\/a>&nbsp;de la<strong>&nbsp;Fundaci\u00f3 Bofill&nbsp;<\/strong>es posa en marxa, un curs m\u00e9s, per&nbsp;<strong>arribar a noves escoles, biblioteques i entitats de Catalunya<\/strong>&nbsp;i fer cr\u00e9ixer la participaci\u00f3 de m\u00e9s persones volunt\u00e0ries.<\/li>\n\n\n\n<li>Lecxit vol garantir que tot infant tingui el suport necessari per&nbsp;<strong>desenvolupar el seu gust per la lectura i el seu h\u00e0bit lector<\/strong>, impulsant aix\u00ed, l\u2019\u00e8xit educatiu.<\/li>\n\n\n\n<li>Si ets una escola, biblioteca o entitat,&nbsp;<strong>fes-te<\/strong><a href=\"https:\/\/lecxit.cat\/feslecxit\/\" target=\"_blank\" rel=\"noreferrer noopener\"><strong>&nbsp;Espai Lecxit<\/strong><\/a>! I si tens una hora a la setmana i vols acompanyar a un infant lector,&nbsp;<a href=\"https:\/\/lecxit.cat\/festen-voluntari-a\/\" target=\"_blank\" rel=\"noreferrer noopener\"><strong>fes-te volunt\u00e0ria Lecxit<\/strong><\/a><strong>!<\/strong><\/li>\n<\/ul>\n\n\n\n<p class=\"wp-block-paragraph\"><\/p>\n\n\n\n<p class=\"wp-block-paragraph\">Amb<strong>&nbsp;l&#8217;inici del nou curs escolar<\/strong>, arrenca la&nbsp;<strong>14a edici\u00f3 del Lecxit a Catalunya<\/strong>, gr\u00e0cies al qual m\u00e9s de&nbsp;<strong>2.000 infants d\u2019entre 4t i 6\u00e8 de prim\u00e0ria&nbsp;<\/strong>tindran l<strong>\u2019acompanyament d\u2019una persona volunt\u00e0ria,&nbsp;<\/strong>amb qui<strong>&nbsp;durant una hora a la setmana, podran llegir<\/strong>&nbsp;i descobrir nous mons.<\/p>\n\n\n\n<p class=\"wp-block-paragraph\">Aquest acompanyament individualitzat \u00e9s crucial per a molts infants que, tot i aprendre a llegir a l\u2019escola, no disposen d\u2019un context que els estimuli a continuar-ho fent fora. Aix\u00f2 provoca que, a Catalunya, encara&nbsp;<strong>1 de cada 7 infants acaba la prim\u00e0ria sense comprendre b\u00e9 el que llegeix<\/strong>.<\/p>\n\n\n\n<blockquote class=\"wp-block-quote is-layout-flow wp-block-quote-is-layout-flow\">\n<h2 class=\"wp-block-heading has-transparent-800-color has-text-color has-link-color wp-elements-1\">Lecxit continua creixent, amb&nbsp;<strong>m\u00e9s de 2000 infants<\/strong>&nbsp;beneficiats i la implicaci\u00f3 de&nbsp;<strong>m\u00e9s de 250 espais educatius<\/strong>&nbsp;i culturals a Catalunya.<\/h2>\n<\/blockquote>\n\n\n\n<ul class=\"wp-block-list\">\n<li><strong>Relacionat:&nbsp;<a href=\"https:\/\/pre.equitat.org\/es\/blog\/per-que-catalunya-te-un-baix-nivell-de-comprensio-lectora\" target=\"_blank\" rel=\"noreferrer noopener\">Per qu\u00e8 Catalunya t\u00e9 un baix nivell de comprensi\u00f3 lectora?<\/a><\/strong><\/li>\n<\/ul>\n\n\n\n<p class=\"wp-block-paragraph\"><\/p>\n\n\n\n<p class=\"wp-block-paragraph\">Per aix\u00f2, Lecxit vol revertir aquesta situaci\u00f3, i ho fa gr\u00e0cies a la suma d\u2019una gran xarxa:&nbsp;<strong>160 escoles, 100 biblioteques i 20 entitats a 140 municipis catalans<\/strong>&nbsp;fan possible aquest canvi, posant un gra de sorra m\u00e9s en l\u2019exercici de fer lectors. Per\u00f2 l\u2019objectiu \u00e9s&nbsp;<strong>cr\u00e9ixer encara m\u00e9s<\/strong>&nbsp;i que cap infant es perdi l\u2019aventura de llegir. Perqu\u00e8 entenem la&nbsp;<strong>lectura com un pilar indispensable per a l&#8217;equitat<\/strong>, que desperta inquietuds, fomenta el pensament cr\u00edtic i promou la creativitat.<\/p>\n\n\n\n<iframe loading=\"lazy\" width=\"620\" height=\"379\" src=\"https:\/\/www.youtube.com\/embed\/Ftm7ynVmSDQ\" title=\"Ets l\u2019\u00e8xit de Lecxit \ud83c\udf87\" frameborder=\"0\" allow=\"accelerometer; autoplay; clipboard-write; encrypted-media; gyroscope; picture-in-picture; web-share\" referrerpolicy=\"strict-origin-when-cross-origin\" allowfullscreen><\/iframe>\n\n\n\n<p class=\"wp-block-paragraph\">Per tot aix\u00f2, fem una doble crida a:<\/p>\n\n\n\n<ul class=\"wp-block-list\">\n<li><a href=\"https:\/\/lecxit.cat\/festen-voluntari-a\/\" target=\"_blank\" rel=\"noreferrer noopener\"><strong>Voluntaris i volunt\u00e0ries<\/strong><\/a><strong>:&nbsp;<\/strong>Si tens una hora lliure a la setmana i vols contribuir al creixement dels infants a trav\u00e9s de la lectura, Lecxit t&#8217;ofereix la possibilitat de fer-ho. El teu acompanyament pot<strong>&nbsp;marcar la difer\u00e8ncia en la vida d\u2019un infant<\/strong>, ajudant-los a millorar la comprensi\u00f3 lectora i a descobrir el plaer de llegir.<\/li>\n\n\n\n<li><a href=\"https:\/\/lecxit.cat\/feslecxit\/\" target=\"_blank\" rel=\"noreferrer noopener\"><strong>Escoles, biblioteques i entitats<\/strong><\/a><strong>:&nbsp;<\/strong>Si formes part d\u2019una escola, biblioteca o entitat social que encara no implementa el programa, Lecxit anima\u2019t a sumar-t\u2019hi. La lectura \u00e9s una eina clau per al<strong>&nbsp;desenvolupament cognitiu i emocional dels infants<\/strong>, i el programa Lecxit et proporciona els recursos necessaris per acompanyar-los en aquest proc\u00e9s.<br><br><\/li>\n<\/ul>\n\n\n\n<iframe class=\"instagram-media instagram-media-rendered\" id=\"instagram-embed-0\" src=\"https:\/\/www.instagram.com\/p\/DPdbFATjNA-\/embed\/captioned\/?cr=1&amp;v=14&amp;wp=540&amp;rd=https%3A%2F%2Ffundaciobofill.cat&amp;rp=%2Fnoticies%2Fbusquem-exit-lecxit-voluntariat-espais#%7B%22ci%22%3A0%2C%22os%22%3A802.0999999996275%2C%22ls%22%3A365%2C%22le%22%3A372.19999999925494%7D\" allowtransparency=\"true\" allowfullscreen=\"true\" frameborder=\"0\" height=\"1195\" data-instgrm-payload-id=\"instagram-media-payload-0\" scrolling=\"no\" style=\"background: white; max-width: 540px; width: calc(100% - 2px); border-radius: 3px; border: 1px solid rgb(219, 219, 219); box-shadow: none; display: block; margin: 0px 0px 12px; min-width: 326px; padding: 0px;\"><\/iframe>\n\n\n\n<h2 class=\"wp-block-heading\"><strong>Com pots participar?<\/strong><\/h2>\n\n\n\n<ul class=\"wp-block-list\">\n<li><strong>Si vols ser voluntari o volunt\u00e0ria<\/strong>, nom\u00e9s cal que&nbsp;<a href=\"https:\/\/lecxit.cat\/festen-voluntari-a\/\" target=\"_blank\" rel=\"noreferrer noopener\"><strong>et registris a trav\u00e9s d\u2019aquest formulari<\/strong>.<\/a>&nbsp;Un cop inscrit, les escoles, biblioteques o entitats que participen en el programa es posaran en contacte amb tu per oferir-te un centre on puguis comen\u00e7ar la teva tasca.<\/li>\n\n\n\n<li><strong>Si representes una escola, biblioteca o entitat i vols implementar el programa per primera vegada<\/strong>,&nbsp;<a href=\"https:\/\/lecxit.cat\/feslecxit\/\" target=\"_blank\" rel=\"noreferrer noopener\"><strong>registra\u2019t aqu\u00ed<\/strong><\/a><strong>.<\/strong>&nbsp;Des de la Fundaci\u00f3 Bofill es posaran en contacte amb tu per guiar-te en el proc\u00e9s i oferir-te suport. A m\u00e9s, pots consultar la&nbsp;<a href=\"https:\/\/pre.equitat.org\/publicacions\/guia-lecxit\/\" target=\"_blank\" rel=\"noreferrer noopener\">guia d\u2019implementaci\u00f3 del programa<\/a>&nbsp;on trobar\u00e0s tots els passos necessaris per posar en marxa el Lecxit a la teva instituci\u00f3.<\/li>\n<\/ul>\n\n\n\n<p class=\"wp-block-paragraph\">Per aquelles entitats que ja implementeu el programa i voleu unir-vos a la campanya per a aconseguir m\u00e9s voluntariat per a la vostra escola, biblioteca o entitat, Lecxit us ofereix&nbsp;<a href=\"https:\/\/lecxit.cat\/recursos\/llegirpercreixer-material-de-difusio-per-buscar-voluntariat\/\" target=\"_blank\" rel=\"noreferrer noopener\">els materials editables<\/a>&nbsp;perqu\u00e8 els pugueu personalitzar. Aquests recursos us permeten&nbsp;<strong>adaptar els missatges i logos a la vostra realitat<\/strong>&nbsp;per captar nous voluntaris i volunt\u00e0ries que vulguin col\u00b7laborar espec\u00edficament en el vostre territori\/centre.<\/p>\n\n\n\n<iframe loading=\"lazy\" width=\"620\" height=\"379\" src=\"https:\/\/www.youtube.com\/embed\/LnYqPtO3ZHU\" title=\"&quot;L&#39;\u00e8xit de Lecxit \u00e9s quan veus que els nens parlen dels llibres i se&#39;ls recomanen&quot;\" frameborder=\"0\" allow=\"accelerometer; autoplay; clipboard-write; encrypted-media; gyroscope; picture-in-picture; web-share\" referrerpolicy=\"strict-origin-when-cross-origin\" allowfullscreen><\/iframe>\n\n\n\n<h2 class=\"wp-block-heading\"><strong>Per qu\u00e8 Lecxit?<\/strong><\/h2>\n\n\n\n<p class=\"wp-block-paragraph\">Lecxit \u00e9s m\u00e9s que un programa de suport lector; \u00e9s una&nbsp;<strong>oportunitat perqu\u00e8 els infants descobreixin el plaer de la lectura<\/strong>&nbsp;en un espai tranquil, sense pressions i amb l\u2019objectiu de gaudir-ne. Aquest enfocament no nom\u00e9s millora la comprensi\u00f3 lectora dels infants, sin\u00f3 que tamb\u00e9 els ajuda a&nbsp;<strong>consolidar un h\u00e0bit lector<\/strong>&nbsp;que els ser\u00e0 de gran ajuda&nbsp;<strong>al llarg de la seva vida acad\u00e8mica i personal<\/strong>.<\/p>\n\n\n\n<p class=\"wp-block-paragraph\">Amb&nbsp;<strong>m\u00e9s de 2000 infants<\/strong>&nbsp;ja beneficiats i la implicaci\u00f3 de&nbsp;<strong>m\u00e9s de 250 espais educatius<\/strong>&nbsp;i culturals a Catalunya, Lecxit segueix creixent.&nbsp;<strong>Ara m\u00e9s que mai<\/strong>, necessitem el suport de noves entitats i persones volunt\u00e0ries per continuar ampliant l\u2019abast del programa i assegurar-nos que tots els infants que ho necessiten puguin gaudir d\u2019aquesta experi\u00e8ncia.&nbsp;<\/p>\n\n\n\n<p class=\"wp-block-paragraph\"><strong>Tu tamb\u00e9 pots ser&nbsp;l\u2019<\/strong><strong><em>\u00e8xit del Lecxit<\/em><\/strong><strong>!<\/strong><\/p>\n\n\n\n<ul class=\"wp-block-list\">\n<li><strong>Descobreix m\u00e9s a&nbsp;<\/strong><a href=\"https:\/\/lecxit.cat\/\"><strong>lecxit.cat<\/strong><\/a><strong>.<\/strong><br><br><\/li>\n<\/ul>\n\n\n\n<figure class=\"wp-block-image size-large\"><img loading=\"lazy\" decoding=\"async\" width=\"1024\" height=\"117\" src=\"https:\/\/pre.equitat.org\/app\/uploads\/2025\/12\/Footer-per-posar-al-web_Departament-de-Drets-Socials-1-1024x117.png\" alt=\"\" class=\"wp-image-152237\" srcset=\"https:\/\/pre.equitat.org\/app\/uploads\/2025\/12\/Footer-per-posar-al-web_Departament-de-Drets-Socials-1-1024x117.png 1024w, https:\/\/pre.equitat.org\/app\/uploads\/2025\/12\/Footer-per-posar-al-web_Departament-de-Drets-Socials-1-300x34.png 300w, https:\/\/pre.equitat.org\/app\/uploads\/2025\/12\/Footer-per-posar-al-web_Departament-de-Drets-Socials-1-768x88.png 768w, https:\/\/pre.equitat.org\/app\/uploads\/2025\/12\/Footer-per-posar-al-web_Departament-de-Drets-Socials-1-1536x175.png 1536w, https:\/\/pre.equitat.org\/app\/uploads\/2025\/12\/Footer-per-posar-al-web_Departament-de-Drets-Socials-1-2048x234.png 2048w\" sizes=\"auto, (max-width: 1024px) 100vw, 1024px\" \/><\/figure>\n","protected":false},"excerpt":{"rendered":"<p>Amb&nbsp;l&#8217;inici del nou curs escolar, arrenca la&nbsp;14a edici\u00f3 del Lecxit a Catalunya, gr\u00e0cies al qual m\u00e9s de&nbsp;2.000 infants d\u2019entre 4t i 6\u00e8 de prim\u00e0ria&nbsp;tindran l\u2019acompanyament d\u2019una persona volunt\u00e0ria,&nbsp;amb qui&nbsp;durant una hora a la setmana, podran llegir&nbsp;i descobrir nous mons. Aquest acompanyament individualitzat \u00e9s crucial per a molts infants que, tot i aprendre a llegir a [&hellip;]<\/p>\n","protected":false},"author":13,"featured_media":147535,"parent":0,"menu_order":0,"template":"","class_list":["post-148912","noticies","type-noticies","status-publish","has-post-thumbnail","hentry"],"acf":[],"yoast_head":"<!-- This site is optimized with the Yoast SEO plugin v28.3 - https:\/\/yoast.com\/product\/yoast-seo-wordpress\/ -->\n<title>Lecxit busca nous espais i m\u00e9s voluntariat per fer arribar la lectura a m\u00e9s infants - Equitat.org<\/title>\n<meta name=\"robots\" content=\"noindex, follow, max-snippet:-1, max-image-preview:large, max-video-preview:-1\" \/>\n<meta property=\"og:locale\" content=\"es_ES\" \/>\n<meta property=\"og:type\" content=\"article\" \/>\n<meta property=\"og:title\" content=\"Lecxit busca nous espais i m\u00e9s voluntariat per fer arribar la lectura a m\u00e9s infants - Equitat.org\" \/>\n<meta property=\"og:description\" content=\"Amb&nbsp;l&#8217;inici del nou curs escolar, arrenca la&nbsp;14a edici\u00f3 del Lecxit a Catalunya, gr\u00e0cies al qual m\u00e9s de&nbsp;2.000 infants d\u2019entre 4t i 6\u00e8 de prim\u00e0ria&nbsp;tindran l\u2019acompanyament d\u2019una persona volunt\u00e0ria,&nbsp;amb qui&nbsp;durant una hora a la setmana, podran llegir&nbsp;i descobrir nous mons. Aquest acompanyament individualitzat \u00e9s crucial per a molts infants que, tot i aprendre a llegir a [&hellip;]\" \/>\n<meta property=\"og:url\" content=\"https:\/\/pre.equitat.org\/es\/noticies\/lecxit-busca-nous-espais-i-mes-voluntariat-per-fer-arribar-la-lectura-a-mes-infants\" \/>\n<meta property=\"og:site_name\" content=\"Equitat.org\" \/>\n<meta property=\"article:publisher\" content=\"https:\/\/www.facebook.com\/FundacioBofill?locale=es_ES\" \/>\n<meta property=\"article:modified_time\" content=\"2026-03-23T13:47:29+00:00\" \/>\n<meta property=\"og:image\" content=\"https:\/\/www.equitat.org\/app\/uploads\/2025\/10\/n74-2240x800_2-1.png\" \/>\n\t<meta property=\"og:image:width\" content=\"2560\" \/>\n\t<meta property=\"og:image:height\" content=\"914\" \/>\n\t<meta property=\"og:image:type\" content=\"image\/png\" \/>\n<meta name=\"twitter:card\" content=\"summary_large_image\" \/>\n<meta name=\"twitter:site\" content=\"@FundacioBofill\" \/>\n<meta name=\"twitter:label1\" content=\"Tiempo de lectura\" \/>\n\t<meta name=\"twitter:data1\" content=\"5 minutos\" \/>\n<script type=\"application\/ld+json\" class=\"yoast-schema-graph\">{\"@context\":\"https:\\\/\\\/schema.org\",\"@graph\":[{\"@type\":\"WebPage\",\"@id\":\"https:\\\/\\\/pre.equitat.org\\\/es\\\/noticies\\\/lecxit-busca-nous-espais-i-mes-voluntariat-per-fer-arribar-la-lectura-a-mes-infants\",\"url\":\"https:\\\/\\\/pre.equitat.org\\\/es\\\/noticies\\\/lecxit-busca-nous-espais-i-mes-voluntariat-per-fer-arribar-la-lectura-a-mes-infants\",\"name\":\"Lecxit busca nous espais i m\u00e9s voluntariat per fer arribar la lectura a m\u00e9s infants - Equitat.org\",\"isPartOf\":{\"@id\":\"https:\\\/\\\/pre.equitat.org\\\/es#website\"},\"primaryImageOfPage\":{\"@id\":\"https:\\\/\\\/pre.equitat.org\\\/es\\\/noticies\\\/lecxit-busca-nous-espais-i-mes-voluntariat-per-fer-arribar-la-lectura-a-mes-infants#primaryimage\"},\"image\":{\"@id\":\"https:\\\/\\\/pre.equitat.org\\\/es\\\/noticies\\\/lecxit-busca-nous-espais-i-mes-voluntariat-per-fer-arribar-la-lectura-a-mes-infants#primaryimage\"},\"thumbnailUrl\":\"https:\\\/\\\/pre.equitat.org\\\/app\\\/uploads\\\/2025\\\/10\\\/n74-2240x800_2-1.png\",\"datePublished\":\"2025-10-06T10:46:16+00:00\",\"dateModified\":\"2026-03-23T13:47:29+00:00\",\"inLanguage\":\"es\",\"potentialAction\":[{\"@type\":\"ReadAction\",\"target\":[\"https:\\\/\\\/pre.equitat.org\\\/es\\\/noticies\\\/lecxit-busca-nous-espais-i-mes-voluntariat-per-fer-arribar-la-lectura-a-mes-infants\"]}]},{\"@type\":\"ImageObject\",\"inLanguage\":\"es\",\"@id\":\"https:\\\/\\\/pre.equitat.org\\\/es\\\/noticies\\\/lecxit-busca-nous-espais-i-mes-voluntariat-per-fer-arribar-la-lectura-a-mes-infants#primaryimage\",\"url\":\"https:\\\/\\\/pre.equitat.org\\\/app\\\/uploads\\\/2025\\\/10\\\/n74-2240x800_2-1.png\",\"contentUrl\":\"https:\\\/\\\/pre.equitat.org\\\/app\\\/uploads\\\/2025\\\/10\\\/n74-2240x800_2-1.png\",\"width\":2560,\"height\":914},{\"@type\":\"WebSite\",\"@id\":\"https:\\\/\\\/pre.equitat.org\\\/es#website\",\"url\":\"https:\\\/\\\/pre.equitat.org\\\/es\",\"name\":\"Equitat.org\",\"description\":\"educaci\u00f3 per canviar-ho tot\",\"publisher\":{\"@id\":\"https:\\\/\\\/pre.equitat.org\\\/es#organization\"},\"potentialAction\":[{\"@type\":\"SearchAction\",\"target\":{\"@type\":\"EntryPoint\",\"urlTemplate\":\"https:\\\/\\\/pre.equitat.org\\\/es?s={search_term_string}\"},\"query-input\":{\"@type\":\"PropertyValueSpecification\",\"valueRequired\":true,\"valueName\":\"search_term_string\"}}],\"inLanguage\":\"es\"},{\"@type\":\"Organization\",\"@id\":\"https:\\\/\\\/pre.equitat.org\\\/es#organization\",\"name\":\"Equitat\",\"url\":\"https:\\\/\\\/pre.equitat.org\\\/es\",\"logo\":{\"@type\":\"ImageObject\",\"inLanguage\":\"es\",\"@id\":\"https:\\\/\\\/pre.equitat.org\\\/es#\\\/schema\\\/logo\\\/image\\\/\",\"url\":\"https:\\\/\\\/pre.equitat.org\\\/app\\\/uploads\\\/2026\\\/04\\\/fundacio_jaume_bofill_logo.jpg\",\"contentUrl\":\"https:\\\/\\\/pre.equitat.org\\\/app\\\/uploads\\\/2026\\\/04\\\/fundacio_jaume_bofill_logo.jpg\",\"width\":200,\"height\":200,\"caption\":\"Equitat\"},\"image\":{\"@id\":\"https:\\\/\\\/pre.equitat.org\\\/es#\\\/schema\\\/logo\\\/image\\\/\"},\"sameAs\":[\"https:\\\/\\\/www.facebook.com\\\/FundacioBofill?locale=es_ES\",\"https:\\\/\\\/x.com\\\/FundacioBofill\"]}]}<\/script>\n<!-- \/ Yoast SEO plugin. -->","yoast_head_json":{"title":"Lecxit busca nous espais i m\u00e9s voluntariat per fer arribar la lectura a m\u00e9s infants - Equitat.org","robots":{"index":"noindex","follow":"follow","max-snippet":"max-snippet:-1","max-image-preview":"max-image-preview:large","max-video-preview":"max-video-preview:-1"},"og_locale":"es_ES","og_type":"article","og_title":"Lecxit busca nous espais i m\u00e9s voluntariat per fer arribar la lectura a m\u00e9s infants - Equitat.org","og_description":"Amb&nbsp;l&#8217;inici del nou curs escolar, arrenca la&nbsp;14a edici\u00f3 del Lecxit a Catalunya, gr\u00e0cies al qual m\u00e9s de&nbsp;2.000 infants d\u2019entre 4t i 6\u00e8 de prim\u00e0ria&nbsp;tindran l\u2019acompanyament d\u2019una persona volunt\u00e0ria,&nbsp;amb qui&nbsp;durant una hora a la setmana, podran llegir&nbsp;i descobrir nous mons. Aquest acompanyament individualitzat \u00e9s crucial per a molts infants que, tot i aprendre a llegir a [&hellip;]","og_url":"https:\/\/pre.equitat.org\/es\/noticies\/lecxit-busca-nous-espais-i-mes-voluntariat-per-fer-arribar-la-lectura-a-mes-infants","og_site_name":"Equitat.org","article_publisher":"https:\/\/www.facebook.com\/FundacioBofill?locale=es_ES","article_modified_time":"2026-03-23T13:47:29+00:00","og_image":[{"width":2560,"height":914,"url":"https:\/\/www.equitat.org\/app\/uploads\/2025\/10\/n74-2240x800_2-1.png","type":"image\/png"}],"twitter_card":"summary_large_image","twitter_site":"@FundacioBofill","twitter_misc":{"Tiempo de lectura":"5 minutos"},"schema":{"@context":"https:\/\/schema.org","@graph":[{"@type":"WebPage","@id":"https:\/\/pre.equitat.org\/es\/noticies\/lecxit-busca-nous-espais-i-mes-voluntariat-per-fer-arribar-la-lectura-a-mes-infants","url":"https:\/\/pre.equitat.org\/es\/noticies\/lecxit-busca-nous-espais-i-mes-voluntariat-per-fer-arribar-la-lectura-a-mes-infants","name":"Lecxit busca nous espais i m\u00e9s voluntariat per fer arribar la lectura a m\u00e9s infants - Equitat.org","isPartOf":{"@id":"https:\/\/pre.equitat.org\/es#website"},"primaryImageOfPage":{"@id":"https:\/\/pre.equitat.org\/es\/noticies\/lecxit-busca-nous-espais-i-mes-voluntariat-per-fer-arribar-la-lectura-a-mes-infants#primaryimage"},"image":{"@id":"https:\/\/pre.equitat.org\/es\/noticies\/lecxit-busca-nous-espais-i-mes-voluntariat-per-fer-arribar-la-lectura-a-mes-infants#primaryimage"},"thumbnailUrl":"https:\/\/pre.equitat.org\/app\/uploads\/2025\/10\/n74-2240x800_2-1.png","datePublished":"2025-10-06T10:46:16+00:00","dateModified":"2026-03-23T13:47:29+00:00","inLanguage":"es","potentialAction":[{"@type":"ReadAction","target":["https:\/\/pre.equitat.org\/es\/noticies\/lecxit-busca-nous-espais-i-mes-voluntariat-per-fer-arribar-la-lectura-a-mes-infants"]}]},{"@type":"ImageObject","inLanguage":"es","@id":"https:\/\/pre.equitat.org\/es\/noticies\/lecxit-busca-nous-espais-i-mes-voluntariat-per-fer-arribar-la-lectura-a-mes-infants#primaryimage","url":"https:\/\/pre.equitat.org\/app\/uploads\/2025\/10\/n74-2240x800_2-1.png","contentUrl":"https:\/\/pre.equitat.org\/app\/uploads\/2025\/10\/n74-2240x800_2-1.png","width":2560,"height":914},{"@type":"WebSite","@id":"https:\/\/pre.equitat.org\/es#website","url":"https:\/\/pre.equitat.org\/es","name":"Equitat.org","description":"educaci\u00f3 per canviar-ho tot","publisher":{"@id":"https:\/\/pre.equitat.org\/es#organization"},"potentialAction":[{"@type":"SearchAction","target":{"@type":"EntryPoint","urlTemplate":"https:\/\/pre.equitat.org\/es?s={search_term_string}"},"query-input":{"@type":"PropertyValueSpecification","valueRequired":true,"valueName":"search_term_string"}}],"inLanguage":"es"},{"@type":"Organization","@id":"https:\/\/pre.equitat.org\/es#organization","name":"Equitat","url":"https:\/\/pre.equitat.org\/es","logo":{"@type":"ImageObject","inLanguage":"es","@id":"https:\/\/pre.equitat.org\/es#\/schema\/logo\/image\/","url":"https:\/\/pre.equitat.org\/app\/uploads\/2026\/04\/fundacio_jaume_bofill_logo.jpg","contentUrl":"https:\/\/pre.equitat.org\/app\/uploads\/2026\/04\/fundacio_jaume_bofill_logo.jpg","width":200,"height":200,"caption":"Equitat"},"image":{"@id":"https:\/\/pre.equitat.org\/es#\/schema\/logo\/image\/"},"sameAs":["https:\/\/www.facebook.com\/FundacioBofill?locale=es_ES","https:\/\/x.com\/FundacioBofill"]}]}},"_links":{"self":[{"href":"https:\/\/pre.equitat.org\/es\/wp-json\/wp\/v2\/noticies\/148912","targetHints":{"allow":["GET"]}}],"collection":[{"href":"https:\/\/pre.equitat.org\/es\/wp-json\/wp\/v2\/noticies"}],"about":[{"href":"https:\/\/pre.equitat.org\/es\/wp-json\/wp\/v2\/types\/noticies"}],"author":[{"embeddable":true,"href":"https:\/\/pre.equitat.org\/es\/wp-json\/wp\/v2\/users\/13"}],"wp:featuredmedia":[{"embeddable":true,"href":"https:\/\/pre.equitat.org\/es\/wp-json\/wp\/v2\/media\/147535"}],"wp:attachment":[{"href":"https:\/\/pre.equitat.org\/es\/wp-json\/wp\/v2\/media?parent=148912"}],"curies":[{"name":"wp","href":"https:\/\/api.w.org\/{rel}","templated":true}]}}