{"id":149175,"date":"2025-06-13T09:43:35","date_gmt":"2025-06-13T07:43:35","guid":{"rendered":"https:\/\/pre.equitat.org\/blog\/test-vertitat-mite-educacio-catalunya\/"},"modified":"2026-04-16T13:02:44","modified_gmt":"2026-04-16T11:02:44","slug":"test-vertitat-mite-educacio-catalunya","status":"publish","type":"post","link":"https:\/\/pre.equitat.org\/es\/blog\/test-vertitat-mite-educacio-catalunya","title":{"rendered":"Veritat o mite? 8 afirmacions sobre l\u2019educaci\u00f3 a Catalunya"},"content":{"rendered":"<p>\u00c9s cert que tots els infants tenen <strong>acc\u00e9s garantit al menjador?<\/strong> Repetir curs ajuda <strong>realment a posar-se al dia <\/strong>als alumnes? La participaci\u00f3 en activitats extraescolars dep\u00e8n nom\u00e9s del temps que tenen les fam\u00edlies? Sovint donem per v\u00e0lides idees i creences que es repeteixen habitualment\u00a0en el debat educatiu, per\u00f2\u2026 <strong>Qu\u00e8 en sabem? S\u00f3n veritat? O s\u00f3n mites? <\/strong><\/p>\n<ul>\n<li><strong>Relacionat:\u00a0<a href=\"https:\/\/pre.equitat.org\/blog\/confianca-poblacio-ceo-educacio-enquesta-catalunya\" target=\"_blank\" rel=\"noopener\">Catastrofisme o confian\u00e7a: Qu\u00e8 pensen els catalans sobre educaci\u00f3?<\/a><br \/>\n<\/strong><\/li>\n<\/ul>\n<p>Hem preparat un <strong>test r\u00e0pid <\/strong>on pots posar-te a prova amb<strong> 8 afirmacions sobre les oportunitats educatives a Catalunya<\/strong>. Per desmuntar alguns t\u00f2pics, promoure una mirada informada i fer visible l\u2019impacte de les desigualtats educatives amb dades rigoroses i contrastades.<\/p>\n<p>&nbsp;<\/p>\n<figure>\n<div data-tf-live=\"01JWB4CTKNPWX1FRNE29BRGVZF\"><\/div>\n<p><script src=\"\/\/embed.typeform.com\/next\/embed.js\"><\/script><\/figure>\n<p>&nbsp;<\/p>\n<h2><strong>Reptes urgents per avan\u00e7ar cap a l\u2019equitat educativa<\/strong><\/h2>\n<p>&nbsp;<\/p>\n<p>Aquestes vuit afirmacions ens mostren una fotografia clara: <strong>l\u2019equitat educativa a Catalunya encara est\u00e0 lluny de ser una realitat garantida per a tots els infants i joves<\/strong>. Les dades ens confronten amb desigualtats persistents que van molt m\u00e9s enll\u00e0 de l\u2019aula.<\/p>\n<p>Des d&#8217;Equitat.org (abans Fundaci\u00f3 Bofill)\u00a0impulsem iniciatives, recerques, debats i aliances per donar resposta a aquests reptes. Perqu\u00e8 <strong>una educaci\u00f3 de qualitat i equitativa no nom\u00e9s \u00e9s justa: \u00e9s essencial.<\/strong><\/p>\n<p>&nbsp;<\/p>\n<figure>\n<div id=\"mc_embed_shell\">\n<p>&nbsp;<\/p>\n<style type=\"text\/css\"> #mc_embed_signup { background: #fff; clear: left; font: 14px Helvetica, Arial, sans-serif; width: 100%; max-width: 600px; margin: auto; padding: 20px; box-sizing: border-box; } #mc_embed_signup_scroll h2 { font-size: 24px; text-align: center; } .mc-field-group { margin-bottom: 15px; } .mc-field-group label { display: block; margin-bottom: 5px; } .mc-field-group input { width: 100%; padding: 10px; box-sizing: border-box; } .indicates-required { text-align: center; margin-bottom: 15px; } .clear { text-align: center; } .button { background-color: #0073aa; border: none; color: white; padding: 10px 20px; text-align: center; text-decoration: none; display: inline-block; font-size: 16px; margin: 4px 2px; cursor: pointer; border-radius: 5px; transition: background-color 0.3s ease; } .button:hover { background-color: #005f8d; } @media screen and (max-width: 600px) { #mc_embed_signup { padding: 10px; } #mc_embed_signup_scroll h2 { font-size: 20px; } .button { width: 100%; box-sizing: border-box; } } <\/style>\n<div id=\"mc_embed_signup\">\n<form id=\"mc-embedded-subscribe-form\" class=\"validate redactor-component\" action=\"https:\/\/fbofill.us5.list-manage.com\/subscribe\/post?u=14f7c3f27f3c09a6d7d6a7a9b&amp;id=536ab6d782&amp;f_id=00fffce1f0\" method=\"post\" name=\"mc-embedded-subscribe-form\" target=\"_blank\" data-redactor-type=\"form\">\n<div id=\"mc_embed_signup_scroll\">\n<h2>Subscriu-te al butllet\u00ed per estar al dia del debat educatiu!<\/h2>\n<div class=\"indicates-required\"><span class=\"asterisk\">*<\/span> indicates required<\/div>\n<div class=\"mc-field-group\"><label for=\"mce-EMAIL\">Adre\u00e7a electr\u00f2nica <span class=\"asterisk\">*<\/span><\/label> <input id=\"mce-EMAIL\" class=\"required email\" name=\"EMAIL\" required=\"\" type=\"email\" value=\"\" \/><\/div>\n<div hidden=\"\"><input name=\"tags\" type=\"hidden\" value=\"341768\" \/><\/div>\n<div id=\"mce-responses\" class=\"clear\">\n<div id=\"mce-error-response\" class=\"response\" style=\"display: none;\"><\/div>\n<div id=\"mce-success-response\" class=\"response\" style=\"display: none;\"><\/div>\n<\/div>\n<div style=\"position: absolute; left: -5000px;\" aria-hidden=\"true\"><input tabindex=\"-1\" name=\"b_14f7c3f27f3c09a6d7d6a7a9b_536ab6d782\" type=\"text\" value=\"\" \/><\/div>\n<div class=\"clear\"><input id=\"mc-embedded-subscribe\" class=\"button\" name=\"subscribe\" type=\"submit\" value=\"Subscriu-t'hi\" \/><\/div>\n<\/div>\n<\/form>\n<\/div>\n<p><script type=\"text\/javascript\" src=\"\/\/s3.amazonaws.com\/downloads.mailchimp.com\/js\/mc-validate.js\"><\/script> <script type=\"text\/javascript\"> (function(&#36;) { window.fnames = new Array(); window.ftypes = new Array(); fnames[0] = 'EMAIL'; ftypes[0] = 'email'; fnames[3] = 'ADDRESS'; ftypes[3] = 'address'; fnames[4] = 'PHONE'; ftypes[4] = 'phone'; \/* * Translated default messages for the jQuery validation plugin. * Locale: CA *\/ &#36;.extend(&#36;.validator.messages, { required: \"Aquest camp \u00e9s obligatori.\", remote: \"Si us plau, omple aquest camp.\", email: \"Si us plau, escriu una adre\u00e7a de correu-e v\u00e0lida\", url: \"Si us plau, escriu una URL v\u00e0lida.\", date: \"Si us plau, escriu una data v\u00e0lida.\", dateISO: \"Si us plau, escriu una data (ISO) v\u00e0lida.\", number: \"Si us plau, escriu un n\u00famero enter v\u00e0lid.\", digits: \"Si us plau, escriu nom\u00e9s d\u00edgits.\", creditcard: \"Si us plau, escriu un n\u00famero de tarjeta v\u00e0lid.\", equalTo: \"Si us plau, escriu el maateix valor de nou.\", accept: \"Si us plau, escriu un valor amb una extensi\u00f3 acceptada.\", maxlength: &#36;.validator.format(\"Si us plau, no escriguis m\u00e9s de {0} caracters.\"), minlength: &#36;.validator.format(\"Si us plau, no escriguis menys de {0} caracters.\"), rangelength: &#36;.validator.format(\"Si us plau, escriu un valor entre {0} i {1} caracters.\"), range: &#36;.validator.format(\"Si us plau, escriu un valor entre {0} i {1}.\"), max: &#36;.validator.format(\"Si us plau, escriu un valor menor o igual a {0}.\"), min: &#36;.validator.format(\"Si us plau, escriu un valor major o igual a {0}.\") }); }(jQuery)); var &#36;mcj = jQuery.noConflict(true); <\/script><\/p>\n<\/div>\n<\/figure>\n<p>&nbsp;<\/p>\n<p><strong>\u00a0<\/strong><\/p>\n","protected":false},"excerpt":{"rendered":"<p>\u00c9s cert que tots els infants tenen acc\u00e9s garantit al menjador? Repetir curs ajuda realment a posar-se al dia als alumnes? La participaci\u00f3 en activitats extraescolars dep\u00e8n nom\u00e9s del temps que tenen les fam\u00edlies? Sovint donem per v\u00e0lides idees i creences que es repeteixen habitualment\u00a0en el debat educatiu, per\u00f2\u2026 Qu\u00e8 en sabem? S\u00f3n veritat? O [&hellip;]<\/p>\n","protected":false},"author":7,"featured_media":147359,"comment_status":"open","ping_status":"open","sticky":false,"template":"","format":"standard","meta":{"_acf_changed":false,"footnotes":""},"categories":[10],"tags":[],"class_list":["post-149175","post","type-post","status-publish","format-standard","has-post-thumbnail","hentry","category-sin-categorizar"],"acf":[],"yoast_head":"<!-- This site is optimized with the Yoast SEO plugin v28.3 - https:\/\/yoast.com\/product\/yoast-seo-wordpress\/ -->\n<title>Veritat o mite sobre educaci\u00f3 a Catalunya<\/title>\n<meta name=\"description\" content=\"Test r\u00e0pid on pots posar-te a prova amb 8 afirmacions sobre les oportunitats educatives a Catalunya\" \/>\n<meta name=\"robots\" content=\"noindex, follow, max-snippet:-1, max-image-preview:large, max-video-preview:-1\" \/>\n<meta property=\"og:locale\" content=\"es_ES\" \/>\n<meta property=\"og:type\" content=\"article\" \/>\n<meta property=\"og:title\" content=\"Veritat o mite sobre educaci\u00f3 a Catalunya\" \/>\n<meta property=\"og:description\" content=\"Test r\u00e0pid on pots posar-te a prova amb 8 afirmacions sobre les oportunitats educatives a Catalunya\" \/>\n<meta property=\"og:url\" content=\"https:\/\/pre.equitat.org\/es\/blog\/test-vertitat-mite-educacio-catalunya\" \/>\n<meta property=\"og:site_name\" content=\"Equitat.org\" \/>\n<meta property=\"article:publisher\" content=\"https:\/\/www.facebook.com\/FundacioBofill?locale=es_ES\" \/>\n<meta property=\"article:published_time\" content=\"2025-06-13T07:43:35+00:00\" \/>\n<meta property=\"article:modified_time\" content=\"2026-04-16T11:02:44+00:00\" \/>\n<meta property=\"og:image\" content=\"https:\/\/www.equitat.org\/app\/uploads\/2025\/10\/ap3-test_banner-1-1024x366.jpg\" \/>\n\t<meta property=\"og:image:width\" content=\"1024\" \/>\n\t<meta property=\"og:image:height\" content=\"366\" \/>\n\t<meta property=\"og:image:type\" content=\"image\/jpeg\" \/>\n<meta name=\"author\" content=\"srmunera\" \/>\n<meta name=\"twitter:card\" content=\"summary_large_image\" \/>\n<meta name=\"twitter:creator\" content=\"@FundacioBofill\" \/>\n<meta name=\"twitter:site\" content=\"@FundacioBofill\" \/>\n<meta name=\"twitter:label1\" content=\"Escrito por\" \/>\n\t<meta name=\"twitter:data1\" content=\"srmunera\" \/>\n\t<meta name=\"twitter:label2\" content=\"Tiempo de lectura\" \/>\n\t<meta name=\"twitter:data2\" content=\"2 minutos\" \/>\n<script type=\"application\/ld+json\" class=\"yoast-schema-graph\">{\"@context\":\"https:\\\/\\\/schema.org\",\"@graph\":[{\"@type\":\"Article\",\"@id\":\"https:\\\/\\\/pre.equitat.org\\\/es\\\/blog\\\/test-vertitat-mite-educacio-catalunya#article\",\"isPartOf\":{\"@id\":\"https:\\\/\\\/pre.equitat.org\\\/es\\\/blog\\\/test-vertitat-mite-educacio-catalunya\"},\"author\":{\"name\":\"srmunera\",\"@id\":\"https:\\\/\\\/pre.equitat.org\\\/es#\\\/schema\\\/person\\\/a3064e9ac5c948d928aa1fa968a6c870\"},\"headline\":\"Veritat o mite? 8 afirmacions sobre l\u2019educaci\u00f3 a Catalunya\",\"datePublished\":\"2025-06-13T07:43:35+00:00\",\"dateModified\":\"2026-04-16T11:02:44+00:00\",\"mainEntityOfPage\":{\"@id\":\"https:\\\/\\\/pre.equitat.org\\\/es\\\/blog\\\/test-vertitat-mite-educacio-catalunya\"},\"wordCount\":236,\"commentCount\":0,\"publisher\":{\"@id\":\"https:\\\/\\\/pre.equitat.org\\\/es#organization\"},\"image\":{\"@id\":\"https:\\\/\\\/pre.equitat.org\\\/es\\\/blog\\\/test-vertitat-mite-educacio-catalunya#primaryimage\"},\"thumbnailUrl\":\"https:\\\/\\\/pre.equitat.org\\\/app\\\/uploads\\\/2025\\\/10\\\/ap3-test_banner-1.jpg\",\"articleSection\":[\"Sin categorizar\"],\"inLanguage\":\"es\",\"potentialAction\":[{\"@type\":\"CommentAction\",\"name\":\"Comment\",\"target\":[\"https:\\\/\\\/pre.equitat.org\\\/es\\\/blog\\\/test-vertitat-mite-educacio-catalunya#respond\"]}]},{\"@type\":\"WebPage\",\"@id\":\"https:\\\/\\\/pre.equitat.org\\\/es\\\/blog\\\/test-vertitat-mite-educacio-catalunya\",\"url\":\"https:\\\/\\\/pre.equitat.org\\\/es\\\/blog\\\/test-vertitat-mite-educacio-catalunya\",\"name\":\"Veritat o mite sobre educaci\u00f3 a Catalunya\",\"isPartOf\":{\"@id\":\"https:\\\/\\\/pre.equitat.org\\\/es#website\"},\"primaryImageOfPage\":{\"@id\":\"https:\\\/\\\/pre.equitat.org\\\/es\\\/blog\\\/test-vertitat-mite-educacio-catalunya#primaryimage\"},\"image\":{\"@id\":\"https:\\\/\\\/pre.equitat.org\\\/es\\\/blog\\\/test-vertitat-mite-educacio-catalunya#primaryimage\"},\"thumbnailUrl\":\"https:\\\/\\\/pre.equitat.org\\\/app\\\/uploads\\\/2025\\\/10\\\/ap3-test_banner-1.jpg\",\"datePublished\":\"2025-06-13T07:43:35+00:00\",\"dateModified\":\"2026-04-16T11:02:44+00:00\",\"description\":\"Test r\u00e0pid on pots posar-te a prova amb 8 afirmacions sobre les oportunitats educatives a Catalunya\",\"inLanguage\":\"es\",\"potentialAction\":[{\"@type\":\"ReadAction\",\"target\":[\"https:\\\/\\\/pre.equitat.org\\\/es\\\/blog\\\/test-vertitat-mite-educacio-catalunya\"]}]},{\"@type\":\"ImageObject\",\"inLanguage\":\"es\",\"@id\":\"https:\\\/\\\/pre.equitat.org\\\/es\\\/blog\\\/test-vertitat-mite-educacio-catalunya#primaryimage\",\"url\":\"https:\\\/\\\/pre.equitat.org\\\/app\\\/uploads\\\/2025\\\/10\\\/ap3-test_banner-1.jpg\",\"contentUrl\":\"https:\\\/\\\/pre.equitat.org\\\/app\\\/uploads\\\/2025\\\/10\\\/ap3-test_banner-1.jpg\",\"width\":4480,\"height\":1600},{\"@type\":\"WebSite\",\"@id\":\"https:\\\/\\\/pre.equitat.org\\\/es#website\",\"url\":\"https:\\\/\\\/pre.equitat.org\\\/es\",\"name\":\"Equitat.org\",\"description\":\"educaci\u00f3 per canviar-ho tot\",\"publisher\":{\"@id\":\"https:\\\/\\\/pre.equitat.org\\\/es#organization\"},\"potentialAction\":[{\"@type\":\"SearchAction\",\"target\":{\"@type\":\"EntryPoint\",\"urlTemplate\":\"https:\\\/\\\/pre.equitat.org\\\/es?s={search_term_string}\"},\"query-input\":{\"@type\":\"PropertyValueSpecification\",\"valueRequired\":true,\"valueName\":\"search_term_string\"}}],\"inLanguage\":\"es\"},{\"@type\":\"Organization\",\"@id\":\"https:\\\/\\\/pre.equitat.org\\\/es#organization\",\"name\":\"Equitat\",\"url\":\"https:\\\/\\\/pre.equitat.org\\\/es\",\"logo\":{\"@type\":\"ImageObject\",\"inLanguage\":\"es\",\"@id\":\"https:\\\/\\\/pre.equitat.org\\\/es#\\\/schema\\\/logo\\\/image\\\/\",\"url\":\"https:\\\/\\\/pre.equitat.org\\\/app\\\/uploads\\\/2026\\\/04\\\/fundacio_jaume_bofill_logo.jpg\",\"contentUrl\":\"https:\\\/\\\/pre.equitat.org\\\/app\\\/uploads\\\/2026\\\/04\\\/fundacio_jaume_bofill_logo.jpg\",\"width\":200,\"height\":200,\"caption\":\"Equitat\"},\"image\":{\"@id\":\"https:\\\/\\\/pre.equitat.org\\\/es#\\\/schema\\\/logo\\\/image\\\/\"},\"sameAs\":[\"https:\\\/\\\/www.facebook.com\\\/FundacioBofill?locale=es_ES\",\"https:\\\/\\\/x.com\\\/FundacioBofill\"]},{\"@type\":\"Person\",\"@id\":\"https:\\\/\\\/pre.equitat.org\\\/es#\\\/schema\\\/person\\\/a3064e9ac5c948d928aa1fa968a6c870\",\"name\":\"srmunera\",\"image\":{\"@type\":\"ImageObject\",\"inLanguage\":\"es\",\"@id\":\"https:\\\/\\\/secure.gravatar.com\\\/avatar\\\/5ff5a08db0dc1d2cc90a9d8262adb00249e1587db1f80b08445a84a1eda35520?s=96&d=mm&r=g\",\"url\":\"https:\\\/\\\/secure.gravatar.com\\\/avatar\\\/5ff5a08db0dc1d2cc90a9d8262adb00249e1587db1f80b08445a84a1eda35520?s=96&d=mm&r=g\",\"contentUrl\":\"https:\\\/\\\/secure.gravatar.com\\\/avatar\\\/5ff5a08db0dc1d2cc90a9d8262adb00249e1587db1f80b08445a84a1eda35520?s=96&d=mm&r=g\",\"caption\":\"srmunera\"},\"url\":\"https:\\\/\\\/pre.equitat.org\\\/es\\\/blog\\\/author\\\/srmunera\"}]}<\/script>\n<!-- \/ Yoast SEO plugin. -->","yoast_head_json":{"title":"Veritat o mite sobre educaci\u00f3 a Catalunya","description":"Test r\u00e0pid on pots posar-te a prova amb 8 afirmacions sobre les oportunitats educatives a Catalunya","robots":{"index":"noindex","follow":"follow","max-snippet":"max-snippet:-1","max-image-preview":"max-image-preview:large","max-video-preview":"max-video-preview:-1"},"og_locale":"es_ES","og_type":"article","og_title":"Veritat o mite sobre educaci\u00f3 a Catalunya","og_description":"Test r\u00e0pid on pots posar-te a prova amb 8 afirmacions sobre les oportunitats educatives a Catalunya","og_url":"https:\/\/pre.equitat.org\/es\/blog\/test-vertitat-mite-educacio-catalunya","og_site_name":"Equitat.org","article_publisher":"https:\/\/www.facebook.com\/FundacioBofill?locale=es_ES","article_published_time":"2025-06-13T07:43:35+00:00","article_modified_time":"2026-04-16T11:02:44+00:00","og_image":[{"width":1024,"height":366,"url":"https:\/\/www.equitat.org\/app\/uploads\/2025\/10\/ap3-test_banner-1-1024x366.jpg","type":"image\/jpeg"}],"author":"srmunera","twitter_card":"summary_large_image","twitter_creator":"@FundacioBofill","twitter_site":"@FundacioBofill","twitter_misc":{"Escrito por":"srmunera","Tiempo de lectura":"2 minutos"},"schema":{"@context":"https:\/\/schema.org","@graph":[{"@type":"Article","@id":"https:\/\/pre.equitat.org\/es\/blog\/test-vertitat-mite-educacio-catalunya#article","isPartOf":{"@id":"https:\/\/pre.equitat.org\/es\/blog\/test-vertitat-mite-educacio-catalunya"},"author":{"name":"srmunera","@id":"https:\/\/pre.equitat.org\/es#\/schema\/person\/a3064e9ac5c948d928aa1fa968a6c870"},"headline":"Veritat o mite? 8 afirmacions sobre l\u2019educaci\u00f3 a Catalunya","datePublished":"2025-06-13T07:43:35+00:00","dateModified":"2026-04-16T11:02:44+00:00","mainEntityOfPage":{"@id":"https:\/\/pre.equitat.org\/es\/blog\/test-vertitat-mite-educacio-catalunya"},"wordCount":236,"commentCount":0,"publisher":{"@id":"https:\/\/pre.equitat.org\/es#organization"},"image":{"@id":"https:\/\/pre.equitat.org\/es\/blog\/test-vertitat-mite-educacio-catalunya#primaryimage"},"thumbnailUrl":"https:\/\/pre.equitat.org\/app\/uploads\/2025\/10\/ap3-test_banner-1.jpg","articleSection":["Sin categorizar"],"inLanguage":"es","potentialAction":[{"@type":"CommentAction","name":"Comment","target":["https:\/\/pre.equitat.org\/es\/blog\/test-vertitat-mite-educacio-catalunya#respond"]}]},{"@type":"WebPage","@id":"https:\/\/pre.equitat.org\/es\/blog\/test-vertitat-mite-educacio-catalunya","url":"https:\/\/pre.equitat.org\/es\/blog\/test-vertitat-mite-educacio-catalunya","name":"Veritat o mite sobre educaci\u00f3 a Catalunya","isPartOf":{"@id":"https:\/\/pre.equitat.org\/es#website"},"primaryImageOfPage":{"@id":"https:\/\/pre.equitat.org\/es\/blog\/test-vertitat-mite-educacio-catalunya#primaryimage"},"image":{"@id":"https:\/\/pre.equitat.org\/es\/blog\/test-vertitat-mite-educacio-catalunya#primaryimage"},"thumbnailUrl":"https:\/\/pre.equitat.org\/app\/uploads\/2025\/10\/ap3-test_banner-1.jpg","datePublished":"2025-06-13T07:43:35+00:00","dateModified":"2026-04-16T11:02:44+00:00","description":"Test r\u00e0pid on pots posar-te a prova amb 8 afirmacions sobre les oportunitats educatives a Catalunya","inLanguage":"es","potentialAction":[{"@type":"ReadAction","target":["https:\/\/pre.equitat.org\/es\/blog\/test-vertitat-mite-educacio-catalunya"]}]},{"@type":"ImageObject","inLanguage":"es","@id":"https:\/\/pre.equitat.org\/es\/blog\/test-vertitat-mite-educacio-catalunya#primaryimage","url":"https:\/\/pre.equitat.org\/app\/uploads\/2025\/10\/ap3-test_banner-1.jpg","contentUrl":"https:\/\/pre.equitat.org\/app\/uploads\/2025\/10\/ap3-test_banner-1.jpg","width":4480,"height":1600},{"@type":"WebSite","@id":"https:\/\/pre.equitat.org\/es#website","url":"https:\/\/pre.equitat.org\/es","name":"Equitat.org","description":"educaci\u00f3 per canviar-ho tot","publisher":{"@id":"https:\/\/pre.equitat.org\/es#organization"},"potentialAction":[{"@type":"SearchAction","target":{"@type":"EntryPoint","urlTemplate":"https:\/\/pre.equitat.org\/es?s={search_term_string}"},"query-input":{"@type":"PropertyValueSpecification","valueRequired":true,"valueName":"search_term_string"}}],"inLanguage":"es"},{"@type":"Organization","@id":"https:\/\/pre.equitat.org\/es#organization","name":"Equitat","url":"https:\/\/pre.equitat.org\/es","logo":{"@type":"ImageObject","inLanguage":"es","@id":"https:\/\/pre.equitat.org\/es#\/schema\/logo\/image\/","url":"https:\/\/pre.equitat.org\/app\/uploads\/2026\/04\/fundacio_jaume_bofill_logo.jpg","contentUrl":"https:\/\/pre.equitat.org\/app\/uploads\/2026\/04\/fundacio_jaume_bofill_logo.jpg","width":200,"height":200,"caption":"Equitat"},"image":{"@id":"https:\/\/pre.equitat.org\/es#\/schema\/logo\/image\/"},"sameAs":["https:\/\/www.facebook.com\/FundacioBofill?locale=es_ES","https:\/\/x.com\/FundacioBofill"]},{"@type":"Person","@id":"https:\/\/pre.equitat.org\/es#\/schema\/person\/a3064e9ac5c948d928aa1fa968a6c870","name":"srmunera","image":{"@type":"ImageObject","inLanguage":"es","@id":"https:\/\/secure.gravatar.com\/avatar\/5ff5a08db0dc1d2cc90a9d8262adb00249e1587db1f80b08445a84a1eda35520?s=96&d=mm&r=g","url":"https:\/\/secure.gravatar.com\/avatar\/5ff5a08db0dc1d2cc90a9d8262adb00249e1587db1f80b08445a84a1eda35520?s=96&d=mm&r=g","contentUrl":"https:\/\/secure.gravatar.com\/avatar\/5ff5a08db0dc1d2cc90a9d8262adb00249e1587db1f80b08445a84a1eda35520?s=96&d=mm&r=g","caption":"srmunera"},"url":"https:\/\/pre.equitat.org\/es\/blog\/author\/srmunera"}]}},"_links":{"self":[{"href":"https:\/\/pre.equitat.org\/es\/wp-json\/wp\/v2\/posts\/149175","targetHints":{"allow":["GET"]}}],"collection":[{"href":"https:\/\/pre.equitat.org\/es\/wp-json\/wp\/v2\/posts"}],"about":[{"href":"https:\/\/pre.equitat.org\/es\/wp-json\/wp\/v2\/types\/post"}],"author":[{"embeddable":true,"href":"https:\/\/pre.equitat.org\/es\/wp-json\/wp\/v2\/users\/7"}],"replies":[{"embeddable":true,"href":"https:\/\/pre.equitat.org\/es\/wp-json\/wp\/v2\/comments?post=149175"}],"version-history":[{"count":5,"href":"https:\/\/pre.equitat.org\/es\/wp-json\/wp\/v2\/posts\/149175\/revisions"}],"predecessor-version":[{"id":152875,"href":"https:\/\/pre.equitat.org\/es\/wp-json\/wp\/v2\/posts\/149175\/revisions\/152875"}],"wp:featuredmedia":[{"embeddable":true,"href":"https:\/\/pre.equitat.org\/es\/wp-json\/wp\/v2\/media\/147359"}],"wp:attachment":[{"href":"https:\/\/pre.equitat.org\/es\/wp-json\/wp\/v2\/media?parent=149175"}],"wp:term":[{"taxonomy":"category","embeddable":true,"href":"https:\/\/pre.equitat.org\/es\/wp-json\/wp\/v2\/categories?post=149175"},{"taxonomy":"post_tag","embeddable":true,"href":"https:\/\/pre.equitat.org\/es\/wp-json\/wp\/v2\/tags?post=149175"}],"curies":[{"name":"wp","href":"https:\/\/api.w.org\/{rel}","templated":true}]}}